{"id":2890,"date":"2023-02-16T11:22:47","date_gmt":"2023-02-16T10:22:47","guid":{"rendered":"https:\/\/chuibnrochd.ma\/?p=2890"},"modified":"2023-02-16T11:22:47","modified_gmt":"2023-02-16T10:22:47","slug":"celebration-de-la-journee-internationale-du-cancer-de-lenfant-au-chuir","status":"publish","type":"post","link":"https:\/\/chuibnrochd.ma\/?p=2890","title":{"rendered":"C\u00e9l\u00e9bration de la Journ\u00e9e Internationale du Cancer de l\u2019Enfant au CHUIR"},"content":{"rendered":"<p>A l\u2019occasion de la Journ\u00e9e internationale du cancer de l&#8217;enfant, l&#8217;Association Agir, en partenariat avec l&#8217;Association Casablancaise des P\u00e9diatres Priv\u00e9s (ACPP), a organis\u00e9, sous le patronage de Monsieur le ministre de la Sant\u00e9 et de la Protection Sociale et sous l&#8217;\u00e9gide du CHUIR, une journ\u00e9e festive au profit des enfants pris en charge aux services d&#8217;h\u00e9matologie et d&#8217;oncologie p\u00e9diatriques de l&#8217;h\u00f4pital 20 Ao\u00fbt 1953 et du service de p\u00e9diatrie 3 de l&#8217;h\u00f4pital M\u00e8re-Enfant Abderrahim Harouchi, le mercredi 15 f\u00e9vrier 2023, sous le th\u00e8me \u00ab Ensemble pour le bien-\u00eatre des enfants atteints de cancer \u00bb.<\/p>\n","protected":false},"excerpt":{"rendered":"<p>A l\u2019occasion de la Journ\u00e9e internationale du cancer de l&#8217;enfant, l&#8217;Association Agir, en partenariat avec l&#8217;Association Casablancaise des P\u00e9diatres Priv\u00e9s (ACPP), a organis\u00e9, sous le patronage de Monsieur le ministre de la Sant\u00e9 et de la Protection Sociale et sous l&#8217;\u00e9gide du CHUIR, une journ\u00e9e festive au profit des enfants pris en charge aux services [&hellip;]<\/p>\n","protected":false},"author":18,"featured_media":2891,"comment_status":"open","ping_status":"open","sticky":false,"template":"","format":"standard","meta":{"footnotes":""},"categories":[1],"tags":[],"class_list":["post-2890","post","type-post","status-publish","format-standard","has-post-thumbnail","hentry","category-divers"],"new_scheduled_revision":"","save_as_revision":"","_links":{"self":[{"href":"https:\/\/chuibnrochd.ma\/index.php?rest_route=\/wp\/v2\/posts\/2890","targetHints":{"allow":["GET"]}}],"collection":[{"href":"https:\/\/chuibnrochd.ma\/index.php?rest_route=\/wp\/v2\/posts"}],"about":[{"href":"https:\/\/chuibnrochd.ma\/index.php?rest_route=\/wp\/v2\/types\/post"}],"author":[{"embeddable":true,"href":"https:\/\/chuibnrochd.ma\/index.php?rest_route=\/wp\/v2\/users\/18"}],"replies":[{"embeddable":true,"href":"https:\/\/chuibnrochd.ma\/index.php?rest_route=%2Fwp%2Fv2%2Fcomments&post=2890"}],"version-history":[{"count":1,"href":"https:\/\/chuibnrochd.ma\/index.php?rest_route=\/wp\/v2\/posts\/2890\/revisions"}],"predecessor-version":[{"id":2892,"href":"https:\/\/chuibnrochd.ma\/index.php?rest_route=\/wp\/v2\/posts\/2890\/revisions\/2892"}],"wp:featuredmedia":[{"embeddable":true,"href":"https:\/\/chuibnrochd.ma\/index.php?rest_route=\/wp\/v2\/media\/2891"}],"wp:attachment":[{"href":"https:\/\/chuibnrochd.ma\/index.php?rest_route=%2Fwp%2Fv2%2Fmedia&parent=2890"}],"wp:term":[{"taxonomy":"category","embeddable":true,"href":"https:\/\/chuibnrochd.ma\/index.php?rest_route=%2Fwp%2Fv2%2Fcategories&post=2890"},{"taxonomy":"post_tag","embeddable":true,"href":"https:\/\/chuibnrochd.ma\/index.php?rest_route=%2Fwp%2Fv2%2Ftags&post=2890"}],"curies":[{"name":"wp","href":"https:\/\/api.w.org\/{rel}","templated":true}]}}