{"id":3824,"date":"2025-07-17T10:29:05","date_gmt":"2025-07-17T08:29:05","guid":{"rendered":"https:\/\/chuibnrochd.ma\/?p=3824"},"modified":"2025-07-17T11:34:50","modified_gmt":"2025-07-17T09:34:50","slug":"inauguration-de-lunite-de-mucoviscidose-a-lhme-ah","status":"publish","type":"post","link":"https:\/\/chuibnrochd.ma\/?p=3824","title":{"rendered":"Inauguration de l\u2019unit\u00e9 de mucoviscidose \u00e0 l\u2019HME-AH"},"content":{"rendered":"\n<div class=\"wp-block-group is-nowrap is-layout-flex wp-container-core-group-is-layout-ad2f72ca wp-block-group-is-layout-flex\">\n<figure class=\"wp-block-image size-full is-resized\"><img loading=\"lazy\" decoding=\"async\" width=\"664\" height=\"496\" src=\"https:\/\/chuibnrochd.ma\/wp-content\/uploads\/2025\/07\/IMG-20250714-WA0034.jpg\" alt=\"\" class=\"wp-image-3829\" style=\"width:309px;height:auto\" srcset=\"https:\/\/chuibnrochd.ma\/wp-content\/uploads\/2025\/07\/IMG-20250714-WA0034.jpg 664w, https:\/\/chuibnrochd.ma\/wp-content\/uploads\/2025\/07\/IMG-20250714-WA0034-300x224.jpg 300w\" sizes=\"auto, (max-width: 664px) 100vw, 664px\" \/><\/figure>\n\n\n\n<p>Le 14 juillet 2025, l\u2019unit\u00e9 d\u00e9di\u00e9e \u00e0 la mucoviscidose a \u00e9t\u00e9 officiellement inaugur\u00e9e en pr\u00e9sence du professeur Sa\u00efd Essalmi, Directeur de l\u2019h\u00f4pital M\u00e8re-Enfant Abderrahim Harouchi. Cette nouvelle unit\u00e9, dirig\u00e9e par Professeur Naima Amenzoui, m\u00e9decin sp\u00e9cialiste au Service des maladies infectieuses p\u00e9diatrique et d&#8217;immunologie clinique (P1) \u00e0 l\u2019h\u00f4pital M\u00e8re-Enfant Abderrahim Harouchi, comprend un hall d\u2019accueil, une salle de soins post-op\u00e9ratoires, une salle de r\u00e9\u00e9ducation ainsi que des sanitaires adapt\u00e9s, offrant ainsi un espace fonctionnel et adapt\u00e9 aux besoins des patients.<\/p>\n<\/div>\n\n\n\n<p>La mission de cette unit\u00e9 est de&nbsp;<mark>fournir une prise en charge globale et sp\u00e9cialis\u00e9e aux patients atteints de mucoviscidose, en assurant le diagnostic, le suivi m\u00e9dical, l&#8217;\u00e9ducation th\u00e9rapeutique et la coordination des soins<\/mark>.&nbsp;Elle joue \u00e9galement un r\u00f4le crucial dans la recherche et la formation, contribuant \u00e0 l&#8217;am\u00e9lioration des connaissances et des pratiques dans le domaine de la mucoviscidose.&nbsp;<\/p>\n","protected":false},"excerpt":{"rendered":"<p>Le 14 juillet 2025, l\u2019unit\u00e9 d\u00e9di\u00e9e \u00e0 la mucoviscidose a \u00e9t\u00e9 officiellement inaugur\u00e9e en pr\u00e9sence du professeur Sa\u00efd Essalmi, Directeur de l\u2019h\u00f4pital M\u00e8re-Enfant Abderrahim Harouchi. Cette nouvelle unit\u00e9, dirig\u00e9e par Professeur Naima Amenzoui, m\u00e9decin sp\u00e9cialiste au Service des maladies infectieuses p\u00e9diatrique et d&#8217;immunologie clinique (P1) \u00e0 l\u2019h\u00f4pital M\u00e8re-Enfant Abderrahim Harouchi, comprend un hall d\u2019accueil, une [&hellip;]<\/p>\n","protected":false},"author":18,"featured_media":0,"comment_status":"open","ping_status":"open","sticky":false,"template":"","format":"standard","meta":{"footnotes":""},"categories":[1],"tags":[],"class_list":["post-3824","post","type-post","status-publish","format-standard","hentry","category-divers"],"new_scheduled_revision":"","save_as_revision":"","_links":{"self":[{"href":"https:\/\/chuibnrochd.ma\/index.php?rest_route=\/wp\/v2\/posts\/3824","targetHints":{"allow":["GET"]}}],"collection":[{"href":"https:\/\/chuibnrochd.ma\/index.php?rest_route=\/wp\/v2\/posts"}],"about":[{"href":"https:\/\/chuibnrochd.ma\/index.php?rest_route=\/wp\/v2\/types\/post"}],"author":[{"embeddable":true,"href":"https:\/\/chuibnrochd.ma\/index.php?rest_route=\/wp\/v2\/users\/18"}],"replies":[{"embeddable":true,"href":"https:\/\/chuibnrochd.ma\/index.php?rest_route=%2Fwp%2Fv2%2Fcomments&post=3824"}],"version-history":[{"count":4,"href":"https:\/\/chuibnrochd.ma\/index.php?rest_route=\/wp\/v2\/posts\/3824\/revisions"}],"predecessor-version":[{"id":3833,"href":"https:\/\/chuibnrochd.ma\/index.php?rest_route=\/wp\/v2\/posts\/3824\/revisions\/3833"}],"wp:attachment":[{"href":"https:\/\/chuibnrochd.ma\/index.php?rest_route=%2Fwp%2Fv2%2Fmedia&parent=3824"}],"wp:term":[{"taxonomy":"category","embeddable":true,"href":"https:\/\/chuibnrochd.ma\/index.php?rest_route=%2Fwp%2Fv2%2Fcategories&post=3824"},{"taxonomy":"post_tag","embeddable":true,"href":"https:\/\/chuibnrochd.ma\/index.php?rest_route=%2Fwp%2Fv2%2Ftags&post=3824"}],"curies":[{"name":"wp","href":"https:\/\/api.w.org\/{rel}","templated":true}]}}