{"id":4191,"date":"2026-03-19T14:21:21","date_gmt":"2026-03-19T13:21:21","guid":{"rendered":"https:\/\/chuibnrochd.ma\/?p=4191"},"modified":"2026-03-19T14:23:28","modified_gmt":"2026-03-19T13:23:28","slug":"formation-sur-la-loi-n-09-08-relative-a-la-protection-des-donnees-a-caractere-personnel","status":"publish","type":"post","link":"https:\/\/chuibnrochd.ma\/?p=4191","title":{"rendered":"Formation sur la loi n\u00b0 09-08 relative \u00e0 la protection des donn\u00e9es \u00e0 caract\u00e8re personnel"},"content":{"rendered":"<p>Dans le cadre de son plan de formation continue, le Centre Hospitalier Universitaire Ibn Rochd de Casablanca a organis\u00e9, les 16 et 18 mars 2026, deux s\u00e9ances de formation au profit de son personnel, portant sur la loi n\u00b009-08 relative \u00e0 la protection des donn\u00e9es \u00e0 caract\u00e8re personnel. Plac\u00e9es sous le th\u00e8me \u00ab La protection des donn\u00e9es \u00e0 caract\u00e8re personnel : cadre l\u00e9gal et meilleure application \u00bb, ces sessions se sont d\u00e9roul\u00e9es \u00e0 l\u2019amphith\u00e9\u00e2tre de l\u2019H\u00f4pital M\u00e8re-Enfant Abderrahim Harouchi.<br \/>\nCes rencontres ont permis de sensibiliser les participants aux enjeux majeurs li\u00e9s \u00e0 la protection des donn\u00e9es personnelles dans le contexte hospitalier, en mettant l\u2019accent sur les obligations l\u00e9gales, les bonnes pratiques \u00e0 adopter et les m\u00e9canismes garantissant la confidentialit\u00e9 et la s\u00e9curit\u00e9 des informations des patients. Elles ont \u00e9galement constitu\u00e9 une opportunit\u00e9 d\u2019\u00e9change et de partage d\u2019exp\u00e9riences entre les professionnels, contribuant ainsi au renforcement d\u2019une culture institutionnelle respectueuse des exigences r\u00e9glementaires en mati\u00e8re de protection des donn\u00e9es.<\/p>\n","protected":false},"excerpt":{"rendered":"<p>Dans le cadre de son plan de formation continue, le Centre Hospitalier Universitaire Ibn Rochd de Casablanca a organis\u00e9, les 16 et 18 mars 2026, deux s\u00e9ances de formation au profit de son personnel, portant sur la loi n\u00b009-08 relative \u00e0 la protection des donn\u00e9es \u00e0 caract\u00e8re personnel. Plac\u00e9es sous le th\u00e8me \u00ab La protection [&hellip;]<\/p>\n","protected":false},"author":18,"featured_media":0,"comment_status":"open","ping_status":"open","sticky":false,"template":"","format":"standard","meta":{"footnotes":""},"categories":[1],"tags":[],"class_list":["post-4191","post","type-post","status-publish","format-standard","hentry","category-divers"],"new_scheduled_revision":"","save_as_revision":"","_links":{"self":[{"href":"https:\/\/chuibnrochd.ma\/index.php?rest_route=\/wp\/v2\/posts\/4191","targetHints":{"allow":["GET"]}}],"collection":[{"href":"https:\/\/chuibnrochd.ma\/index.php?rest_route=\/wp\/v2\/posts"}],"about":[{"href":"https:\/\/chuibnrochd.ma\/index.php?rest_route=\/wp\/v2\/types\/post"}],"author":[{"embeddable":true,"href":"https:\/\/chuibnrochd.ma\/index.php?rest_route=\/wp\/v2\/users\/18"}],"replies":[{"embeddable":true,"href":"https:\/\/chuibnrochd.ma\/index.php?rest_route=%2Fwp%2Fv2%2Fcomments&post=4191"}],"version-history":[{"count":4,"href":"https:\/\/chuibnrochd.ma\/index.php?rest_route=\/wp\/v2\/posts\/4191\/revisions"}],"predecessor-version":[{"id":4198,"href":"https:\/\/chuibnrochd.ma\/index.php?rest_route=\/wp\/v2\/posts\/4191\/revisions\/4198"}],"wp:attachment":[{"href":"https:\/\/chuibnrochd.ma\/index.php?rest_route=%2Fwp%2Fv2%2Fmedia&parent=4191"}],"wp:term":[{"taxonomy":"category","embeddable":true,"href":"https:\/\/chuibnrochd.ma\/index.php?rest_route=%2Fwp%2Fv2%2Fcategories&post=4191"},{"taxonomy":"post_tag","embeddable":true,"href":"https:\/\/chuibnrochd.ma\/index.php?rest_route=%2Fwp%2Fv2%2Ftags&post=4191"}],"curies":[{"name":"wp","href":"https:\/\/api.w.org\/{rel}","templated":true}]}}